{"id":5922,"date":"2025-07-22T13:49:00","date_gmt":"2025-07-22T11:49:00","guid":{"rendered":"https:\/\/aytoespronceda.es\/?p=5922"},"modified":"2025-07-22T13:49:01","modified_gmt":"2025-07-22T11:49:01","slug":"un-compromiso-con-nuestro-entorno-solicitud-de-apoyo-para-recuperar-las-piscinas-mancomunadas","status":"publish","type":"post","link":"https:\/\/aytoespronceda.es\/index.php\/2025\/07\/22\/un-compromiso-con-nuestro-entorno-solicitud-de-apoyo-para-recuperar-las-piscinas-mancomunadas\/","title":{"rendered":"Un compromiso con nuestro entorno: solicitud de apoyo para recuperar las piscinas mancomunadas"},"content":{"rendered":"\n<figure class=\"wp-block-embed is-type-video is-provider-youtube wp-block-embed-youtube wp-embed-aspect-16-9 wp-has-aspect-ratio\"><div class=\"wp-block-embed__wrapper\">\n<iframe title=\"Apoyo para recuperar las piscinas Mancomunadas\" width=\"704\" height=\"396\" src=\"https:\/\/www.youtube.com\/embed\/AhCUL7rxfTg?feature=oembed\" frameborder=\"0\" allow=\"accelerometer; autoplay; clipboard-write; encrypted-media; gyroscope; picture-in-picture; web-share\" referrerpolicy=\"strict-origin-when-cross-origin\" allowfullscreen><\/iframe>\n<\/div><\/figure>\n\n\n\n<p>D\u00aa LIZHET JHOANA CERPA PAREDES, alcaldesa del Ayuntamiento de Espronceda, en relaci\u00f3n a la inversi\u00f3n denominada \u201cAdecuaci\u00f3n de las piscinas mancomunadas seg\u00fan DF 86\/2018 en Espronceda\u201d, EXPONE: Que el objeto de la inversi\u00f3n consiste en realizar una reforma de las piscinas municipales para adecuar las instalaciones a lo prescrito en el Decreto Foral 86\/2018 de 24 de octubre, por los que se establecen las condiciones t\u00e9cnico-sanitarias de las piscinas de uso colectivo y Real Decreto 314\/2006 por el que se aprueba el C\u00f3digo T\u00e9cnico de Edificaci\u00f3n, en particular lo referente al Documento B\u00e1sico SU6 de Seguridad frente al riesgo de ahogamiento. Tal y como se detalla en la memoria descriptiva, adem\u00e1s de no cumplir con la normativa, las piscinas fueron abiertas al p\u00fablico en el a\u00f1o 1991 y durante m\u00e1s de 30 a\u00f1os, las mejoras y las inversiones en la misma fueron totalmente inexistentes, a duras penas se llev\u00f3 un mantenimiento b\u00e1sico durante las campa\u00f1as de verano lo que ha supuesto, a\u00f1o tras a\u00f1o, un deterioro m\u00e1s que considerable en las instalaciones. Si bien desde el a\u00f1o 2019 este Ayuntamiento ha ido haciendo peque\u00f1as y necesarias mejoras e inversiones, la situaci\u00f3n de las instalaciones es tan decadente que durante los \u00faltimos a\u00f1os ha habido que actuar de forma inminente y urgente para poder abrir cada verano. Este a\u00f1o, sin ir mas lejos, las reparaciones m\u00ednimas para poder abrir la instalaci\u00f3n van a suponer unos 8.000\u20ac a las arcas de este Ayuntamiento. Los t\u00e9cnicos sanitarios son perfectamente conocedores de esta situaci\u00f3n. Por medio del presente documento, queremos transmitir la necesidad de que esta inversi\u00f3n se lleve a cabo, no solo para el municipio de Espronceda y los otros dos pueblos de la mancomunidad (Torralba del Rio y Azuelo) si no para todo nuestro valle. Las piscinas son el principal reclamo de todas las personas que vienen a nuestros pueblos durante el verano y son, en gran medida, lo que los mantiene vivos. Las piscinas son un servicio que este Ayuntamiento considera prioritario y en cuyo mantenimiento ha invertido y seguir\u00e1 invirtiendo todo su esfuerzo tanto econ\u00f3mico como de trabajo, sin embargo, los recursos econ\u00f3micos de estos municipios son escasos y limitados y la supervivencia de las instalaciones es a corto\/medio plazo inviable si no contamos con una inversi\u00f3n como esta. En resumen, y siguiendo nuestra pol\u00edtica de lucha contra la despoblaci\u00f3n que nos consta es compartida por el departamento de Administraci\u00f3n Local, rogamos se tenga en cuenta la necesidad de la inversi\u00f3n solicitada para poder continuar con un servicio que mantiene vivos nuestros pueblos. Sin otro particular, un cordial saludo.<\/p>\n\n\n\n<div data-wp-interactive=\"core\/file\" class=\"wp-block-file\"><object data-wp-bind--hidden=\"!state.hasPdfPreview\" hidden class=\"wp-block-file__embed\" data=\"https:\/\/aytoespronceda.es\/wp-content\/uploads\/2025\/07\/Informe-justificativo-necesidad-de-la-inversion-solicitada.pdf\" type=\"application\/pdf\" style=\"width:100%;height:600px\" aria-label=\"Incrustado de Informe-justificativo-necesidad-de-la-inversion-solicitada.\"><\/object><a id=\"wp-block-file--media-697c7859-d581-478b-806a-90c0dfa40b77\" href=\"https:\/\/aytoespronceda.es\/wp-content\/uploads\/2025\/07\/Informe-justificativo-necesidad-de-la-inversion-solicitada.pdf\">Informe-justificativo-necesidad-de-la-inversion-solicitada<\/a><a href=\"https:\/\/aytoespronceda.es\/wp-content\/uploads\/2025\/07\/Informe-justificativo-necesidad-de-la-inversion-solicitada.pdf\" class=\"wp-block-file__button wp-element-button\" download aria-describedby=\"wp-block-file--media-697c7859-d581-478b-806a-90c0dfa40b77\">Descarga<\/a><\/div>\n","protected":false},"excerpt":{"rendered":"<p>D\u00aa LIZHET JHOANA CERPA PAREDES, alcaldesa del Ayuntamiento de Espronceda, en relaci\u00f3n a la inversi\u00f3n denominada \u201cAdecuaci\u00f3n de las piscinas mancomunadas seg\u00fan DF 86\/2018 en Espronceda\u201d, EXPONE: Que el objeto de la inversi\u00f3n consiste en realizar una reforma de las piscinas municipales para adecuar las instalaciones a lo prescrito en el Decreto Foral 86\/2018 de &hellip;<\/p>\n","protected":false},"author":1,"featured_media":0,"comment_status":"closed","ping_status":"open","sticky":false,"template":"","format":"standard","meta":{"footnotes":""},"categories":[1],"tags":[],"class_list":["post-5922","post","type-post","status-publish","format-standard","hentry","category-uncategorized"],"_links":{"self":[{"href":"https:\/\/aytoespronceda.es\/index.php\/wp-json\/wp\/v2\/posts\/5922","targetHints":{"allow":["GET"]}}],"collection":[{"href":"https:\/\/aytoespronceda.es\/index.php\/wp-json\/wp\/v2\/posts"}],"about":[{"href":"https:\/\/aytoespronceda.es\/index.php\/wp-json\/wp\/v2\/types\/post"}],"author":[{"embeddable":true,"href":"https:\/\/aytoespronceda.es\/index.php\/wp-json\/wp\/v2\/users\/1"}],"replies":[{"embeddable":true,"href":"https:\/\/aytoespronceda.es\/index.php\/wp-json\/wp\/v2\/comments?post=5922"}],"version-history":[{"count":1,"href":"https:\/\/aytoespronceda.es\/index.php\/wp-json\/wp\/v2\/posts\/5922\/revisions"}],"predecessor-version":[{"id":5924,"href":"https:\/\/aytoespronceda.es\/index.php\/wp-json\/wp\/v2\/posts\/5922\/revisions\/5924"}],"wp:attachment":[{"href":"https:\/\/aytoespronceda.es\/index.php\/wp-json\/wp\/v2\/media?parent=5922"}],"wp:term":[{"taxonomy":"category","embeddable":true,"href":"https:\/\/aytoespronceda.es\/index.php\/wp-json\/wp\/v2\/categories?post=5922"},{"taxonomy":"post_tag","embeddable":true,"href":"https:\/\/aytoespronceda.es\/index.php\/wp-json\/wp\/v2\/tags?post=5922"}],"curies":[{"name":"wp","href":"https:\/\/api.w.org\/{rel}","templated":true}]}}